{"id":4761,"date":"2023-10-31T08:07:54","date_gmt":"2023-10-31T08:07:54","guid":{"rendered":"https:\/\/well-tax.com\/?p=4761"},"modified":"2023-11-01T13:47:02","modified_gmt":"2023-11-01T13:47:02","slug":"cop-28-dubai-accueillera-la-28eme-conference-des-parties-a-un-moment-crucial-pour-laction-climatique","status":"publish","type":"post","link":"https:\/\/well-tax.com\/fr\/cop-28-dubai-to-host-the-28th-conference-of-the-parties-in-a-crucial-moment-for-climate-action\/","title":{"rendered":"COP 28 : Duba\u00ef accueillera la 28e conf\u00e9rence des parties \u00e0 un moment crucial pour l'action en faveur du climat"},"content":{"rendered":"<p class=\"translation-block\">La communaut\u00e9 mondiale se pr\u00e9pare \u00e0 un \u00e9v\u00e9nement crucial dans la lutte contre le changement climatique, Duba\u00ef se pr\u00e9parant \u00e0 accueillir la 28e Conf\u00e9rence des Parties (COP 28) du 30<sup>e<\/sup> novembre au 12<sup>e<\/sup> d\u00e9cembre 2023. Sur fond d'avertissements de plus en plus pressants de la part de la communaut\u00e9 scientifique, les dirigeants mondiaux, les responsables politiques et les militants devraient converger vers cette ville dynamique pour d\u00e9lib\u00e9rer sur les d\u00e9fis environnementaux pressants et tracer la voie d'un avenir durable.<\/p>\n\n\n\n<h4 class=\"wp-block-heading\"><strong>S\u00e9lection de Duba\u00ef comme ville h\u00f4te<\/strong><\/h4>\n\n\n\n<p>La s\u00e9lection de Duba\u00ef comme ville h\u00f4te de la COP 28 repr\u00e9sente une \u00e9tape importante pour les \u00c9mirats arabes unis (EAU) et le Moyen-Orient dans son ensemble. Reconnus pour leur engagement en faveur du d\u00e9veloppement durable et des \u00e9nergies renouvelables, les \u00c9mirats arabes unis sont devenus un acteur cl\u00e9 dans la lutte mondiale contre le changement climatique. Le choix de Duba\u00ef souligne l'importance croissante de la r\u00e9gion dans le d\u00e9bat international sur la gestion de l'environnement et sa volont\u00e9 de contribuer \u00e0 des solutions significatives \u00e0 l'\u00e9chelle mondiale.<\/p>\n\n\n\n<h4 class=\"wp-block-heading\"><strong>Principaux ordres du jour et objectifs<\/strong><\/h4>\n\n\n\n<p>\u00c0 l'approche de la COP 28, l'impatience grandit quant aux principaux ordres du jour et objectifs qui d\u00e9finiront la conf\u00e9rence. Avec pour objectif principal d'acc\u00e9l\u00e9rer les efforts pour limiter l'augmentation de la temp\u00e9rature mondiale, la conf\u00e9rence devrait se concentrer sur des sujets cruciaux tels que la mise en \u0153uvre de l'Accord de Paris (qui vise \u00e0 limiter l'augmentation de la temp\u00e9rature mondiale \u00e0 bien moins de 2 degr\u00e9s Celsius par rapport aux niveaux pr\u00e9industriels), l'att\u00e9nuation des \u00e9missions de carbone, les objectifs de d\u00e9veloppement durable, le financement du climat et les mesures d'adaptation pour les communaut\u00e9s vuln\u00e9rables. En outre, les discussions devraient porter sur les solutions technologiques innovantes, les avanc\u00e9es en mati\u00e8re d'\u00e9nergies renouvelables et les strat\u00e9gies de collaboration visant \u00e0 favoriser la coop\u00e9ration internationale et le soutien \u00e0 la r\u00e9silience climatique.<\/p>\n\n\n\n<h4 class=\"wp-block-heading\"><strong>Participation internationale et attentes<\/strong><\/h4>\n\n\n\n<p>La participation de dirigeants mondiaux, d'\u00e9cologistes renomm\u00e9s, de scientifiques et de parties prenantes de divers secteurs \u00e0 la COP 28 suscite une grande impatience. La conf\u00e9rence devrait \u00eatre le th\u00e9\u00e2tre d'un solide \u00e9change d'id\u00e9es, de bonnes pratiques et de recommandations politiques visant \u00e0 galvaniser l'action mondiale pour faire face aux menaces imminentes pos\u00e9es par le changement climatique. L'accent \u00e9tant mis sur des solutions collaboratives et r\u00e9alisables, tous les regards se tournent vers les engagements et les initiatives qui seront annonc\u00e9s au cours de la conf\u00e9rence, alors que les nations se r\u00e9unissent pour s'engager en faveur d'un avenir durable et respectueux de l'environnement.<\/p>\n\n\n\n<h4 class=\"wp-block-heading\"><strong>Perspectives d'avenir<\/strong><\/h4>\n\n\n\n<p>Comme les 30<sup>\u00e8me<\/sup> A l'approche du mois de novembre, tous les regards seront tourn\u00e9s vers Duba\u00ef, attendant avec impatience les r\u00e9sultats et les r\u00e9solutions qui \u00e9mergeront de ce rassemblement capital. La COP 28 t\u00e9moigne de la d\u00e9termination commune du monde \u00e0 lutter contre le changement climatique et \u00e0 construire un avenir plus durable, plus r\u00e9silient et plus prosp\u00e8re pour tous.<\/p>","protected":false},"excerpt":{"rendered":"<p>The global community is gearing up for a pivotal event in the fight against climate change as Dubai prepares to host the 28th Conference of the Parties (COP 28) from the 30th of November to the 12th of December 2023. Against the backdrop of increasingly urgent warnings from the scientific community, world leaders, policymakers, and [&hellip;]<\/p>\n","protected":false},"author":5,"featured_media":4762,"comment_status":"open","ping_status":"open","sticky":false,"template":"","format":"standard","meta":{"footnotes":""},"categories":[26],"tags":[],"class_list":["post-4761","post","type-post","status-publish","format-standard","has-post-thumbnail","hentry","category-international-trade-and-relations"],"yoast_head":"<!-- This site is optimized with the Yoast SEO plugin v27.4 - https:\/\/yoast.com\/product\/yoast-seo-wordpress\/ -->\n<title>COP 28: Dubai to Host the 28th Conference of the Parties in a Crucial Moment for Climate Action - WellTax<\/title>\n<meta name=\"description\" content=\"Dubai prepares to host the 28th Conference of the Parties (COP 28) from the 30th of November to the 12th of December 2023.\" \/>\n<meta name=\"robots\" content=\"index, follow, max-snippet:-1, max-image-preview:large, max-video-preview:-1\" \/>\n<link rel=\"canonical\" href=\"https:\/\/well-tax.com\/fr\/cop-28-dubai-accueillera-la-28eme-conference-des-parties-a-un-moment-crucial-pour-laction-climatique\/\" \/>\n<meta property=\"og:locale\" content=\"fr_FR\" \/>\n<meta property=\"og:type\" content=\"article\" \/>\n<meta property=\"og:title\" content=\"COP 28: Dubai to Host the 28th Conference of the Parties in a Crucial Moment for Climate Action - WellTax\" \/>\n<meta property=\"og:description\" content=\"Dubai prepares to host the 28th Conference of the Parties (COP 28) from the 30th of November to the 12th of December 2023.\" \/>\n<meta property=\"og:url\" content=\"https:\/\/well-tax.com\/fr\/cop-28-dubai-accueillera-la-28eme-conference-des-parties-a-un-moment-crucial-pour-laction-climatique\/\" \/>\n<meta property=\"og:site_name\" content=\"WellTax\" \/>\n<meta property=\"article:publisher\" content=\"https:\/\/www.facebook.com\/welltaxlimited\/\" \/>\n<meta property=\"article:published_time\" content=\"2023-10-31T08:07:54+00:00\" \/>\n<meta property=\"article:modified_time\" content=\"2023-11-01T13:47:02+00:00\" \/>\n<meta property=\"og:image\" content=\"https:\/\/well-tax.com\/wp-content\/uploads\/2023\/10\/COP28_17d1591003d_original-ratio.jpg\" \/>\n\t<meta property=\"og:image:width\" content=\"800\" \/>\n\t<meta property=\"og:image:height\" content=\"600\" \/>\n\t<meta property=\"og:image:type\" content=\"image\/jpeg\" \/>\n<meta name=\"author\" content=\"F Sgarbi\" \/>\n<meta name=\"twitter:card\" content=\"summary_large_image\" \/>\n<meta name=\"twitter:label1\" content=\"\u00c9crit par\" \/>\n\t<meta name=\"twitter:data1\" content=\"F Sgarbi\" \/>\n\t<meta name=\"twitter:label2\" content=\"Dur\u00e9e de lecture estim\u00e9e\" \/>\n\t<meta name=\"twitter:data2\" content=\"2 minutes\" \/>\n<script type=\"application\/ld+json\" class=\"yoast-schema-graph\">{\"@context\":\"https:\\\/\\\/schema.org\",\"@graph\":[{\"@type\":\"Article\",\"@id\":\"https:\\\/\\\/well-tax.com\\\/cop-28-dubai-to-host-the-28th-conference-of-the-parties-in-a-crucial-moment-for-climate-action\\\/#article\",\"isPartOf\":{\"@id\":\"https:\\\/\\\/well-tax.com\\\/cop-28-dubai-to-host-the-28th-conference-of-the-parties-in-a-crucial-moment-for-climate-action\\\/\"},\"author\":{\"name\":\"F Sgarbi\",\"@id\":\"https:\\\/\\\/well-tax.com\\\/#\\\/schema\\\/person\\\/7e3b4db8eb2b5b290e41428e91036225\"},\"headline\":\"COP 28: Dubai to Host the 28th Conference of the Parties in a Crucial Moment for Climate Action\",\"datePublished\":\"2023-10-31T08:07:54+00:00\",\"dateModified\":\"2023-11-01T13:47:02+00:00\",\"mainEntityOfPage\":{\"@id\":\"https:\\\/\\\/well-tax.com\\\/cop-28-dubai-to-host-the-28th-conference-of-the-parties-in-a-crucial-moment-for-climate-action\\\/\"},\"wordCount\":433,\"commentCount\":0,\"publisher\":{\"@id\":\"https:\\\/\\\/well-tax.com\\\/#organization\"},\"image\":{\"@id\":\"https:\\\/\\\/well-tax.com\\\/cop-28-dubai-to-host-the-28th-conference-of-the-parties-in-a-crucial-moment-for-climate-action\\\/#primaryimage\"},\"thumbnailUrl\":\"https:\\\/\\\/well-tax.com\\\/wp-content\\\/uploads\\\/2023\\\/10\\\/COP28_17d1591003d_original-ratio.jpg\",\"articleSection\":[\"International Trade and Relations\"],\"inLanguage\":\"fr-FR\",\"potentialAction\":[{\"@type\":\"CommentAction\",\"name\":\"Comment\",\"target\":[\"https:\\\/\\\/well-tax.com\\\/cop-28-dubai-to-host-the-28th-conference-of-the-parties-in-a-crucial-moment-for-climate-action\\\/#respond\"]}]},{\"@type\":\"WebPage\",\"@id\":\"https:\\\/\\\/well-tax.com\\\/cop-28-dubai-to-host-the-28th-conference-of-the-parties-in-a-crucial-moment-for-climate-action\\\/\",\"url\":\"https:\\\/\\\/well-tax.com\\\/cop-28-dubai-to-host-the-28th-conference-of-the-parties-in-a-crucial-moment-for-climate-action\\\/\",\"name\":\"COP 28: Dubai to Host the 28th Conference of the Parties in a Crucial Moment for Climate Action - WellTax\",\"isPartOf\":{\"@id\":\"https:\\\/\\\/well-tax.com\\\/#website\"},\"primaryImageOfPage\":{\"@id\":\"https:\\\/\\\/well-tax.com\\\/cop-28-dubai-to-host-the-28th-conference-of-the-parties-in-a-crucial-moment-for-climate-action\\\/#primaryimage\"},\"image\":{\"@id\":\"https:\\\/\\\/well-tax.com\\\/cop-28-dubai-to-host-the-28th-conference-of-the-parties-in-a-crucial-moment-for-climate-action\\\/#primaryimage\"},\"thumbnailUrl\":\"https:\\\/\\\/well-tax.com\\\/wp-content\\\/uploads\\\/2023\\\/10\\\/COP28_17d1591003d_original-ratio.jpg\",\"datePublished\":\"2023-10-31T08:07:54+00:00\",\"dateModified\":\"2023-11-01T13:47:02+00:00\",\"description\":\"Dubai prepares to host the 28th Conference of the Parties (COP 28) from the 30th of November to the 12th of December 2023.\",\"breadcrumb\":{\"@id\":\"https:\\\/\\\/well-tax.com\\\/cop-28-dubai-to-host-the-28th-conference-of-the-parties-in-a-crucial-moment-for-climate-action\\\/#breadcrumb\"},\"inLanguage\":\"fr-FR\",\"potentialAction\":[{\"@type\":\"ReadAction\",\"target\":[\"https:\\\/\\\/well-tax.com\\\/cop-28-dubai-to-host-the-28th-conference-of-the-parties-in-a-crucial-moment-for-climate-action\\\/\"]}]},{\"@type\":\"ImageObject\",\"inLanguage\":\"fr-FR\",\"@id\":\"https:\\\/\\\/well-tax.com\\\/cop-28-dubai-to-host-the-28th-conference-of-the-parties-in-a-crucial-moment-for-climate-action\\\/#primaryimage\",\"url\":\"https:\\\/\\\/well-tax.com\\\/wp-content\\\/uploads\\\/2023\\\/10\\\/COP28_17d1591003d_original-ratio.jpg\",\"contentUrl\":\"https:\\\/\\\/well-tax.com\\\/wp-content\\\/uploads\\\/2023\\\/10\\\/COP28_17d1591003d_original-ratio.jpg\",\"width\":800,\"height\":600},{\"@type\":\"BreadcrumbList\",\"@id\":\"https:\\\/\\\/well-tax.com\\\/cop-28-dubai-to-host-the-28th-conference-of-the-parties-in-a-crucial-moment-for-climate-action\\\/#breadcrumb\",\"itemListElement\":[{\"@type\":\"ListItem\",\"position\":1,\"name\":\"Home\",\"item\":\"https:\\\/\\\/well-tax.com\\\/\"},{\"@type\":\"ListItem\",\"position\":2,\"name\":\"International Trade and Relations\",\"item\":\"https:\\\/\\\/well-tax.com\\\/category\\\/international-trade-and-relations\\\/\"},{\"@type\":\"ListItem\",\"position\":3,\"name\":\"COP 28: Dubai to Host the 28th Conference of the Parties in a Crucial Moment for Climate Action\"}]},{\"@type\":\"WebSite\",\"@id\":\"https:\\\/\\\/well-tax.com\\\/#website\",\"url\":\"https:\\\/\\\/well-tax.com\\\/\",\"name\":\"WellTax\",\"description\":\"Accountants and Tax Advisors in UK and UAE\",\"publisher\":{\"@id\":\"https:\\\/\\\/well-tax.com\\\/#organization\"},\"potentialAction\":[{\"@type\":\"SearchAction\",\"target\":{\"@type\":\"EntryPoint\",\"urlTemplate\":\"https:\\\/\\\/well-tax.com\\\/?s={search_term_string}\"},\"query-input\":{\"@type\":\"PropertyValueSpecification\",\"valueRequired\":true,\"valueName\":\"search_term_string\"}}],\"inLanguage\":\"fr-FR\"},{\"@type\":\"Organization\",\"@id\":\"https:\\\/\\\/well-tax.com\\\/#organization\",\"name\":\"WellTax\",\"url\":\"https:\\\/\\\/well-tax.com\\\/\",\"logo\":{\"@type\":\"ImageObject\",\"inLanguage\":\"fr-FR\",\"@id\":\"https:\\\/\\\/well-tax.com\\\/#\\\/schema\\\/logo\\\/image\\\/\",\"url\":\"https:\\\/\\\/well-tax.com\\\/wp-content\\\/uploads\\\/2023\\\/06\\\/favicon.svg\",\"contentUrl\":\"https:\\\/\\\/well-tax.com\\\/wp-content\\\/uploads\\\/2023\\\/06\\\/favicon.svg\",\"width\":40,\"height\":35,\"caption\":\"WellTax\"},\"image\":{\"@id\":\"https:\\\/\\\/well-tax.com\\\/#\\\/schema\\\/logo\\\/image\\\/\"},\"sameAs\":[\"https:\\\/\\\/www.facebook.com\\\/welltaxlimited\\\/\"]},{\"@type\":\"Person\",\"@id\":\"https:\\\/\\\/well-tax.com\\\/#\\\/schema\\\/person\\\/7e3b4db8eb2b5b290e41428e91036225\",\"name\":\"F Sgarbi\",\"image\":{\"@type\":\"ImageObject\",\"inLanguage\":\"fr-FR\",\"@id\":\"https:\\\/\\\/secure.gravatar.com\\\/avatar\\\/f90eb2fcde6c299df16c728a88501380536325102263e33e605b371d77ca049e?s=96&d=mm&r=g\",\"url\":\"https:\\\/\\\/secure.gravatar.com\\\/avatar\\\/f90eb2fcde6c299df16c728a88501380536325102263e33e605b371d77ca049e?s=96&d=mm&r=g\",\"contentUrl\":\"https:\\\/\\\/secure.gravatar.com\\\/avatar\\\/f90eb2fcde6c299df16c728a88501380536325102263e33e605b371d77ca049e?s=96&d=mm&r=g\",\"caption\":\"F Sgarbi\"}}]}<\/script>\n<!-- \/ Yoast SEO plugin. -->","yoast_head_json":{"title":"COP 28 : Duba\u00ef accueillera la 28e conf\u00e9rence des parties \u00e0 un moment crucial pour l'action climatique - WellTax","description":"Duba\u00ef se pr\u00e9pare \u00e0 accueillir la 28e Conf\u00e9rence des Parties (COP 28) du 30 novembre au 12 d\u00e9cembre 2023.","robots":{"index":"index","follow":"follow","max-snippet":"max-snippet:-1","max-image-preview":"max-image-preview:large","max-video-preview":"max-video-preview:-1"},"canonical":"https:\/\/well-tax.com\/fr\/cop-28-dubai-accueillera-la-28eme-conference-des-parties-a-un-moment-crucial-pour-laction-climatique\/","og_locale":"fr_FR","og_type":"article","og_title":"COP 28: Dubai to Host the 28th Conference of the Parties in a Crucial Moment for Climate Action - WellTax","og_description":"Dubai prepares to host the 28th Conference of the Parties (COP 28) from the 30th of November to the 12th of December 2023.","og_url":"https:\/\/well-tax.com\/fr\/cop-28-dubai-accueillera-la-28eme-conference-des-parties-a-un-moment-crucial-pour-laction-climatique\/","og_site_name":"WellTax","article_publisher":"https:\/\/www.facebook.com\/welltaxlimited\/","article_published_time":"2023-10-31T08:07:54+00:00","article_modified_time":"2023-11-01T13:47:02+00:00","og_image":[{"width":800,"height":600,"url":"https:\/\/well-tax.com\/wp-content\/uploads\/2023\/10\/COP28_17d1591003d_original-ratio.jpg","type":"image\/jpeg"}],"author":"F Sgarbi","twitter_card":"summary_large_image","twitter_misc":{"\u00c9crit par":"F Sgarbi","Dur\u00e9e de lecture estim\u00e9e":"2 minutes"},"schema":{"@context":"https:\/\/schema.org","@graph":[{"@type":"Article","@id":"https:\/\/well-tax.com\/cop-28-dubai-to-host-the-28th-conference-of-the-parties-in-a-crucial-moment-for-climate-action\/#article","isPartOf":{"@id":"https:\/\/well-tax.com\/cop-28-dubai-to-host-the-28th-conference-of-the-parties-in-a-crucial-moment-for-climate-action\/"},"author":{"name":"F Sgarbi","@id":"https:\/\/well-tax.com\/#\/schema\/person\/7e3b4db8eb2b5b290e41428e91036225"},"headline":"COP 28: Dubai to Host the 28th Conference of the Parties in a Crucial Moment for Climate Action","datePublished":"2023-10-31T08:07:54+00:00","dateModified":"2023-11-01T13:47:02+00:00","mainEntityOfPage":{"@id":"https:\/\/well-tax.com\/cop-28-dubai-to-host-the-28th-conference-of-the-parties-in-a-crucial-moment-for-climate-action\/"},"wordCount":433,"commentCount":0,"publisher":{"@id":"https:\/\/well-tax.com\/#organization"},"image":{"@id":"https:\/\/well-tax.com\/cop-28-dubai-to-host-the-28th-conference-of-the-parties-in-a-crucial-moment-for-climate-action\/#primaryimage"},"thumbnailUrl":"https:\/\/well-tax.com\/wp-content\/uploads\/2023\/10\/COP28_17d1591003d_original-ratio.jpg","articleSection":["International Trade and Relations"],"inLanguage":"fr-FR","potentialAction":[{"@type":"CommentAction","name":"Comment","target":["https:\/\/well-tax.com\/cop-28-dubai-to-host-the-28th-conference-of-the-parties-in-a-crucial-moment-for-climate-action\/#respond"]}]},{"@type":"WebPage","@id":"https:\/\/well-tax.com\/cop-28-dubai-to-host-the-28th-conference-of-the-parties-in-a-crucial-moment-for-climate-action\/","url":"https:\/\/well-tax.com\/cop-28-dubai-to-host-the-28th-conference-of-the-parties-in-a-crucial-moment-for-climate-action\/","name":"COP 28 : Duba\u00ef accueillera la 28e conf\u00e9rence des parties \u00e0 un moment crucial pour l'action climatique - WellTax","isPartOf":{"@id":"https:\/\/well-tax.com\/#website"},"primaryImageOfPage":{"@id":"https:\/\/well-tax.com\/cop-28-dubai-to-host-the-28th-conference-of-the-parties-in-a-crucial-moment-for-climate-action\/#primaryimage"},"image":{"@id":"https:\/\/well-tax.com\/cop-28-dubai-to-host-the-28th-conference-of-the-parties-in-a-crucial-moment-for-climate-action\/#primaryimage"},"thumbnailUrl":"https:\/\/well-tax.com\/wp-content\/uploads\/2023\/10\/COP28_17d1591003d_original-ratio.jpg","datePublished":"2023-10-31T08:07:54+00:00","dateModified":"2023-11-01T13:47:02+00:00","description":"Duba\u00ef se pr\u00e9pare \u00e0 accueillir la 28e Conf\u00e9rence des Parties (COP 28) du 30 novembre au 12 d\u00e9cembre 2023.","breadcrumb":{"@id":"https:\/\/well-tax.com\/cop-28-dubai-to-host-the-28th-conference-of-the-parties-in-a-crucial-moment-for-climate-action\/#breadcrumb"},"inLanguage":"fr-FR","potentialAction":[{"@type":"ReadAction","target":["https:\/\/well-tax.com\/cop-28-dubai-to-host-the-28th-conference-of-the-parties-in-a-crucial-moment-for-climate-action\/"]}]},{"@type":"ImageObject","inLanguage":"fr-FR","@id":"https:\/\/well-tax.com\/cop-28-dubai-to-host-the-28th-conference-of-the-parties-in-a-crucial-moment-for-climate-action\/#primaryimage","url":"https:\/\/well-tax.com\/wp-content\/uploads\/2023\/10\/COP28_17d1591003d_original-ratio.jpg","contentUrl":"https:\/\/well-tax.com\/wp-content\/uploads\/2023\/10\/COP28_17d1591003d_original-ratio.jpg","width":800,"height":600},{"@type":"BreadcrumbList","@id":"https:\/\/well-tax.com\/cop-28-dubai-to-host-the-28th-conference-of-the-parties-in-a-crucial-moment-for-climate-action\/#breadcrumb","itemListElement":[{"@type":"ListItem","position":1,"name":"Home","item":"https:\/\/well-tax.com\/"},{"@type":"ListItem","position":2,"name":"International Trade and Relations","item":"https:\/\/well-tax.com\/category\/international-trade-and-relations\/"},{"@type":"ListItem","position":3,"name":"COP 28: Dubai to Host the 28th Conference of the Parties in a Crucial Moment for Climate Action"}]},{"@type":"WebSite","@id":"https:\/\/well-tax.com\/#website","url":"https:\/\/well-tax.com\/","name":"WellTax","description":"Comptables et conseillers fiscaux au Royaume-Uni et aux \u00c9mirats arabes unis","publisher":{"@id":"https:\/\/well-tax.com\/#organization"},"potentialAction":[{"@type":"SearchAction","target":{"@type":"EntryPoint","urlTemplate":"https:\/\/well-tax.com\/?s={search_term_string}"},"query-input":{"@type":"PropertyValueSpecification","valueRequired":true,"valueName":"search_term_string"}}],"inLanguage":"fr-FR"},{"@type":"Organization","@id":"https:\/\/well-tax.com\/#organization","name":"WellTax","url":"https:\/\/well-tax.com\/","logo":{"@type":"ImageObject","inLanguage":"fr-FR","@id":"https:\/\/well-tax.com\/#\/schema\/logo\/image\/","url":"https:\/\/well-tax.com\/wp-content\/uploads\/2023\/06\/favicon.svg","contentUrl":"https:\/\/well-tax.com\/wp-content\/uploads\/2023\/06\/favicon.svg","width":40,"height":35,"caption":"WellTax"},"image":{"@id":"https:\/\/well-tax.com\/#\/schema\/logo\/image\/"},"sameAs":["https:\/\/www.facebook.com\/welltaxlimited\/"]},{"@type":"Person","@id":"https:\/\/well-tax.com\/#\/schema\/person\/7e3b4db8eb2b5b290e41428e91036225","name":"F Sgarbi","image":{"@type":"ImageObject","inLanguage":"fr-FR","@id":"https:\/\/secure.gravatar.com\/avatar\/f90eb2fcde6c299df16c728a88501380536325102263e33e605b371d77ca049e?s=96&d=mm&r=g","url":"https:\/\/secure.gravatar.com\/avatar\/f90eb2fcde6c299df16c728a88501380536325102263e33e605b371d77ca049e?s=96&d=mm&r=g","contentUrl":"https:\/\/secure.gravatar.com\/avatar\/f90eb2fcde6c299df16c728a88501380536325102263e33e605b371d77ca049e?s=96&d=mm&r=g","caption":"F Sgarbi"}}]}},"_links":{"self":[{"href":"https:\/\/well-tax.com\/fr\/wp-json\/wp\/v2\/posts\/4761","targetHints":{"allow":["GET"]}}],"collection":[{"href":"https:\/\/well-tax.com\/fr\/wp-json\/wp\/v2\/posts"}],"about":[{"href":"https:\/\/well-tax.com\/fr\/wp-json\/wp\/v2\/types\/post"}],"author":[{"embeddable":true,"href":"https:\/\/well-tax.com\/fr\/wp-json\/wp\/v2\/users\/5"}],"replies":[{"embeddable":true,"href":"https:\/\/well-tax.com\/fr\/wp-json\/wp\/v2\/comments?post=4761"}],"version-history":[{"count":2,"href":"https:\/\/well-tax.com\/fr\/wp-json\/wp\/v2\/posts\/4761\/revisions"}],"predecessor-version":[{"id":4774,"href":"https:\/\/well-tax.com\/fr\/wp-json\/wp\/v2\/posts\/4761\/revisions\/4774"}],"wp:featuredmedia":[{"embeddable":true,"href":"https:\/\/well-tax.com\/fr\/wp-json\/wp\/v2\/media\/4762"}],"wp:attachment":[{"href":"https:\/\/well-tax.com\/fr\/wp-json\/wp\/v2\/media?parent=4761"}],"wp:term":[{"taxonomy":"category","embeddable":true,"href":"https:\/\/well-tax.com\/fr\/wp-json\/wp\/v2\/categories?post=4761"},{"taxonomy":"post_tag","embeddable":true,"href":"https:\/\/well-tax.com\/fr\/wp-json\/wp\/v2\/tags?post=4761"}],"curies":[{"name":"wp","href":"https:\/\/api.w.org\/{rel}","templated":true}]}}