{"id":4761,"date":"2023-10-31T08:07:54","date_gmt":"2023-10-31T08:07:54","guid":{"rendered":"https:\/\/well-tax.com\/?p=4761"},"modified":"2023-11-01T13:47:02","modified_gmt":"2023-11-01T13:47:02","slug":"cop-28-dubai-acogera-la-28-conferencia-de-las-partes-en-un-momento-crucial-para-la-accion-por-el-clima","status":"publish","type":"post","link":"https:\/\/well-tax.com\/es\/cop-28-dubai-to-host-the-28th-conference-of-the-parties-in-a-crucial-moment-for-climate-action\/","title":{"rendered":"COP 28: Dubai acoger\u00e1 la 28\u00aa Conferencia de las Partes en un momento crucial para la acci\u00f3n clim\u00e1tica"},"content":{"rendered":"<p class=\"translation-block\">La comunidad internacional se prepara para un acontecimiento crucial en la lucha contra el cambio clim\u00e1tico: Dubai se prepara para acoger la 28\u00aa Conferencia de las Partes (COP 28) del 30 de noviembre al 12 de diciembre de 2023. Con el tel\u00f3n de fondo de las advertencias, cada vez m\u00e1s urgentes de la comunidad cient\u00edfica, se espera que l\u00edderes mundiales, responsables pol\u00edticos y activistas se re\u00fanan en la din\u00e1mica ciudad de Oriente Medio para deliberar sobre los acuciantes retos medioambientales y trazar el rumbo hacia un futuro sostenible.<\/p>\n\n\n\n<h4 class=\"wp-block-heading\"><strong>Elecci\u00f3n de Dubai como ciudad anfitriona<\/strong><\/h4>\n\n\n\n<p>La elecci\u00f3n de Dubai como ciudad anfitriona de la COP 28 representa un hito importante para los Emiratos \u00c1rabes Unidos (EAU) y Oriente Medio en su conjunto. Reconocidos por su compromiso con el desarrollo sostenible y las iniciativas de energ\u00edas renovables, los EAU se han convertido en un agente clave en el esfuerzo mundial por combatir el cambio clim\u00e1tico. La elecci\u00f3n de Dubai subraya la creciente y activa participaci\u00f3n de la regi\u00f3n en la conversaci\u00f3n internacional sobre la gesti\u00f3n medioambiental y su voluntad de contribuir a soluciones significativas a escala mundial.<\/p>\n\n\n\n<h4 class=\"wp-block-heading\"><strong>Agendas y objetivos clave<\/strong><\/h4>\n\n\n\n<p>A medida que se acerca la COP 28, crece la expectaci\u00f3n por conocer las agendas y objetivos clave que definir\u00e1n la conferencia. Con el objetivo principal de acelerar los esfuerzos para limitar el aumento de la temperatura global, se espera que la conferencia se centre en cuestiones cruciales como la aplicaci\u00f3n del Acuerdo de Par\u00eds (el cual pretende limitar el aumento de la temperatura global a menos de 2 grados cent\u00edgrados por encima de los niveles preindustriales), la mitigaci\u00f3n del carbono, los objetivos de desarrollo sostenible, la financiaci\u00f3n clim\u00e1tica y las medidas de adaptaci\u00f3n para las comunidades vulnerables. Adem\u00e1s, es probable que los debates profundicen en soluciones tecnol\u00f3gicas innovadoras, avances en energ\u00edas renovables y estrategias de colaboraci\u00f3n para promover la cooperaci\u00f3n internacional y el apoyo a la resiliencia clim\u00e1tica.<\/p>\n\n\n\n<h4 class=\"wp-block-heading\"><strong>Participaci\u00f3n internacional y expectativas<\/strong><\/h4>\n\n\n\n<p>Las expectativas de participaci\u00f3n de l\u00edderes mundiales, destacados ecologistas, cient\u00edficos y partes interesadas de diversos sectores en la COP 28, son altas. Se espera que la conferencia sea testigo de un intenso intercambio de ideas, mejores pr\u00e1cticas y estrategias pol\u00edticas destinadas a impulsar la acci\u00f3n mundial para hacer frente a las amenazas inminentes que plantea el cambio clim\u00e1tico. Con la atenci\u00f3n puesta en las soluciones colaborativas y pr\u00e1cticas, todas las miradas est\u00e1n puestas en los compromisos e iniciativas que se anunciar\u00e1n durante la conferencia, momento en el que las naciones se reuniran para prometer su dedicaci\u00f3n a un futuro sostenible y respetuoso con el medio ambiente.<\/p>\n\n\n\n<h4 class=\"wp-block-heading\"><strong>Mirando hacia el futuro<\/strong><\/h4>\n\n\n\n<p>Como los 30<sup>o<\/sup> A medida que se acerque el 30 de noviembre, todas las miradas estar\u00e1n puestas en Dubai, a la espera de los resultados y resoluciones que surjan de esta importante reuni\u00f3n. La COP 28 es prueba de la determinaci\u00f3n compartida por el mundo para hacer frente al cambio clim\u00e1tico y construir un futuro m\u00e1s sostenible, resistente y pr\u00f3spero para todos.<\/p>","protected":false},"excerpt":{"rendered":"<p>The global community is gearing up for a pivotal event in the fight against climate change as Dubai prepares to host the 28th Conference of the Parties (COP 28) from the 30th of November to the 12th of December 2023. Against the backdrop of increasingly urgent warnings from the scientific community, world leaders, policymakers, and [&hellip;]<\/p>\n","protected":false},"author":5,"featured_media":4762,"comment_status":"open","ping_status":"open","sticky":false,"template":"","format":"standard","meta":{"footnotes":""},"categories":[26],"tags":[],"class_list":["post-4761","post","type-post","status-publish","format-standard","has-post-thumbnail","hentry","category-international-trade-and-relations"],"yoast_head":"<!-- This site is optimized with the Yoast SEO plugin v27.4 - https:\/\/yoast.com\/product\/yoast-seo-wordpress\/ -->\n<title>COP 28: Dubai to Host the 28th Conference of the Parties in a Crucial Moment for Climate Action - WellTax<\/title>\n<meta name=\"description\" content=\"Dubai prepares to host the 28th Conference of the Parties (COP 28) from the 30th of November to the 12th of December 2023.\" \/>\n<meta name=\"robots\" content=\"index, follow, max-snippet:-1, max-image-preview:large, max-video-preview:-1\" \/>\n<link rel=\"canonical\" href=\"https:\/\/well-tax.com\/es\/cop-28-dubai-acogera-la-28-conferencia-de-las-partes-en-un-momento-crucial-para-la-accion-por-el-clima\/\" \/>\n<meta property=\"og:locale\" content=\"es_ES\" \/>\n<meta property=\"og:type\" content=\"article\" \/>\n<meta property=\"og:title\" content=\"COP 28: Dubai to Host the 28th Conference of the Parties in a Crucial Moment for Climate Action - WellTax\" \/>\n<meta property=\"og:description\" content=\"Dubai prepares to host the 28th Conference of the Parties (COP 28) from the 30th of November to the 12th of December 2023.\" \/>\n<meta property=\"og:url\" content=\"https:\/\/well-tax.com\/es\/cop-28-dubai-acogera-la-28-conferencia-de-las-partes-en-un-momento-crucial-para-la-accion-por-el-clima\/\" \/>\n<meta property=\"og:site_name\" content=\"WellTax\" \/>\n<meta property=\"article:publisher\" content=\"https:\/\/www.facebook.com\/welltaxlimited\/\" \/>\n<meta property=\"article:published_time\" content=\"2023-10-31T08:07:54+00:00\" \/>\n<meta property=\"article:modified_time\" content=\"2023-11-01T13:47:02+00:00\" \/>\n<meta property=\"og:image\" content=\"https:\/\/well-tax.com\/wp-content\/uploads\/2023\/10\/COP28_17d1591003d_original-ratio.jpg\" \/>\n\t<meta property=\"og:image:width\" content=\"800\" \/>\n\t<meta property=\"og:image:height\" content=\"600\" \/>\n\t<meta property=\"og:image:type\" content=\"image\/jpeg\" \/>\n<meta name=\"author\" content=\"F Sgarbi\" \/>\n<meta name=\"twitter:card\" content=\"summary_large_image\" \/>\n<meta name=\"twitter:label1\" content=\"Escrito por\" \/>\n\t<meta name=\"twitter:data1\" content=\"F Sgarbi\" \/>\n\t<meta name=\"twitter:label2\" content=\"Tiempo de lectura\" \/>\n\t<meta name=\"twitter:data2\" content=\"2 minutos\" \/>\n<script type=\"application\/ld+json\" class=\"yoast-schema-graph\">{\"@context\":\"https:\\\/\\\/schema.org\",\"@graph\":[{\"@type\":\"Article\",\"@id\":\"https:\\\/\\\/well-tax.com\\\/cop-28-dubai-to-host-the-28th-conference-of-the-parties-in-a-crucial-moment-for-climate-action\\\/#article\",\"isPartOf\":{\"@id\":\"https:\\\/\\\/well-tax.com\\\/cop-28-dubai-to-host-the-28th-conference-of-the-parties-in-a-crucial-moment-for-climate-action\\\/\"},\"author\":{\"name\":\"F Sgarbi\",\"@id\":\"https:\\\/\\\/well-tax.com\\\/#\\\/schema\\\/person\\\/7e3b4db8eb2b5b290e41428e91036225\"},\"headline\":\"COP 28: Dubai to Host the 28th Conference of the Parties in a Crucial Moment for Climate Action\",\"datePublished\":\"2023-10-31T08:07:54+00:00\",\"dateModified\":\"2023-11-01T13:47:02+00:00\",\"mainEntityOfPage\":{\"@id\":\"https:\\\/\\\/well-tax.com\\\/cop-28-dubai-to-host-the-28th-conference-of-the-parties-in-a-crucial-moment-for-climate-action\\\/\"},\"wordCount\":433,\"commentCount\":0,\"publisher\":{\"@id\":\"https:\\\/\\\/well-tax.com\\\/#organization\"},\"image\":{\"@id\":\"https:\\\/\\\/well-tax.com\\\/cop-28-dubai-to-host-the-28th-conference-of-the-parties-in-a-crucial-moment-for-climate-action\\\/#primaryimage\"},\"thumbnailUrl\":\"https:\\\/\\\/well-tax.com\\\/wp-content\\\/uploads\\\/2023\\\/10\\\/COP28_17d1591003d_original-ratio.jpg\",\"articleSection\":[\"International Trade and Relations\"],\"inLanguage\":\"es\",\"potentialAction\":[{\"@type\":\"CommentAction\",\"name\":\"Comment\",\"target\":[\"https:\\\/\\\/well-tax.com\\\/cop-28-dubai-to-host-the-28th-conference-of-the-parties-in-a-crucial-moment-for-climate-action\\\/#respond\"]}]},{\"@type\":\"WebPage\",\"@id\":\"https:\\\/\\\/well-tax.com\\\/cop-28-dubai-to-host-the-28th-conference-of-the-parties-in-a-crucial-moment-for-climate-action\\\/\",\"url\":\"https:\\\/\\\/well-tax.com\\\/cop-28-dubai-to-host-the-28th-conference-of-the-parties-in-a-crucial-moment-for-climate-action\\\/\",\"name\":\"COP 28: Dubai to Host the 28th Conference of the Parties in a Crucial Moment for Climate Action - WellTax\",\"isPartOf\":{\"@id\":\"https:\\\/\\\/well-tax.com\\\/#website\"},\"primaryImageOfPage\":{\"@id\":\"https:\\\/\\\/well-tax.com\\\/cop-28-dubai-to-host-the-28th-conference-of-the-parties-in-a-crucial-moment-for-climate-action\\\/#primaryimage\"},\"image\":{\"@id\":\"https:\\\/\\\/well-tax.com\\\/cop-28-dubai-to-host-the-28th-conference-of-the-parties-in-a-crucial-moment-for-climate-action\\\/#primaryimage\"},\"thumbnailUrl\":\"https:\\\/\\\/well-tax.com\\\/wp-content\\\/uploads\\\/2023\\\/10\\\/COP28_17d1591003d_original-ratio.jpg\",\"datePublished\":\"2023-10-31T08:07:54+00:00\",\"dateModified\":\"2023-11-01T13:47:02+00:00\",\"description\":\"Dubai prepares to host the 28th Conference of the Parties (COP 28) from the 30th of November to the 12th of December 2023.\",\"breadcrumb\":{\"@id\":\"https:\\\/\\\/well-tax.com\\\/cop-28-dubai-to-host-the-28th-conference-of-the-parties-in-a-crucial-moment-for-climate-action\\\/#breadcrumb\"},\"inLanguage\":\"es\",\"potentialAction\":[{\"@type\":\"ReadAction\",\"target\":[\"https:\\\/\\\/well-tax.com\\\/cop-28-dubai-to-host-the-28th-conference-of-the-parties-in-a-crucial-moment-for-climate-action\\\/\"]}]},{\"@type\":\"ImageObject\",\"inLanguage\":\"es\",\"@id\":\"https:\\\/\\\/well-tax.com\\\/cop-28-dubai-to-host-the-28th-conference-of-the-parties-in-a-crucial-moment-for-climate-action\\\/#primaryimage\",\"url\":\"https:\\\/\\\/well-tax.com\\\/wp-content\\\/uploads\\\/2023\\\/10\\\/COP28_17d1591003d_original-ratio.jpg\",\"contentUrl\":\"https:\\\/\\\/well-tax.com\\\/wp-content\\\/uploads\\\/2023\\\/10\\\/COP28_17d1591003d_original-ratio.jpg\",\"width\":800,\"height\":600},{\"@type\":\"BreadcrumbList\",\"@id\":\"https:\\\/\\\/well-tax.com\\\/cop-28-dubai-to-host-the-28th-conference-of-the-parties-in-a-crucial-moment-for-climate-action\\\/#breadcrumb\",\"itemListElement\":[{\"@type\":\"ListItem\",\"position\":1,\"name\":\"Home\",\"item\":\"https:\\\/\\\/well-tax.com\\\/\"},{\"@type\":\"ListItem\",\"position\":2,\"name\":\"International Trade and Relations\",\"item\":\"https:\\\/\\\/well-tax.com\\\/category\\\/international-trade-and-relations\\\/\"},{\"@type\":\"ListItem\",\"position\":3,\"name\":\"COP 28: Dubai to Host the 28th Conference of the Parties in a Crucial Moment for Climate Action\"}]},{\"@type\":\"WebSite\",\"@id\":\"https:\\\/\\\/well-tax.com\\\/#website\",\"url\":\"https:\\\/\\\/well-tax.com\\\/\",\"name\":\"WellTax\",\"description\":\"Accountants and Tax Advisors in UK and UAE\",\"publisher\":{\"@id\":\"https:\\\/\\\/well-tax.com\\\/#organization\"},\"potentialAction\":[{\"@type\":\"SearchAction\",\"target\":{\"@type\":\"EntryPoint\",\"urlTemplate\":\"https:\\\/\\\/well-tax.com\\\/?s={search_term_string}\"},\"query-input\":{\"@type\":\"PropertyValueSpecification\",\"valueRequired\":true,\"valueName\":\"search_term_string\"}}],\"inLanguage\":\"es\"},{\"@type\":\"Organization\",\"@id\":\"https:\\\/\\\/well-tax.com\\\/#organization\",\"name\":\"WellTax\",\"url\":\"https:\\\/\\\/well-tax.com\\\/\",\"logo\":{\"@type\":\"ImageObject\",\"inLanguage\":\"es\",\"@id\":\"https:\\\/\\\/well-tax.com\\\/#\\\/schema\\\/logo\\\/image\\\/\",\"url\":\"https:\\\/\\\/well-tax.com\\\/wp-content\\\/uploads\\\/2023\\\/06\\\/favicon.svg\",\"contentUrl\":\"https:\\\/\\\/well-tax.com\\\/wp-content\\\/uploads\\\/2023\\\/06\\\/favicon.svg\",\"width\":40,\"height\":35,\"caption\":\"WellTax\"},\"image\":{\"@id\":\"https:\\\/\\\/well-tax.com\\\/#\\\/schema\\\/logo\\\/image\\\/\"},\"sameAs\":[\"https:\\\/\\\/www.facebook.com\\\/welltaxlimited\\\/\"]},{\"@type\":\"Person\",\"@id\":\"https:\\\/\\\/well-tax.com\\\/#\\\/schema\\\/person\\\/7e3b4db8eb2b5b290e41428e91036225\",\"name\":\"F Sgarbi\",\"image\":{\"@type\":\"ImageObject\",\"inLanguage\":\"es\",\"@id\":\"https:\\\/\\\/secure.gravatar.com\\\/avatar\\\/f90eb2fcde6c299df16c728a88501380536325102263e33e605b371d77ca049e?s=96&d=mm&r=g\",\"url\":\"https:\\\/\\\/secure.gravatar.com\\\/avatar\\\/f90eb2fcde6c299df16c728a88501380536325102263e33e605b371d77ca049e?s=96&d=mm&r=g\",\"contentUrl\":\"https:\\\/\\\/secure.gravatar.com\\\/avatar\\\/f90eb2fcde6c299df16c728a88501380536325102263e33e605b371d77ca049e?s=96&d=mm&r=g\",\"caption\":\"F Sgarbi\"}}]}<\/script>\n<!-- \/ Yoast SEO plugin. -->","yoast_head_json":{"title":"COP 28: Dubai acoger\u00e1 la 28\u00aa Conferencia de las Partes en un momento crucial para la acci\u00f3n clim\u00e1tica - WellTax","description":"Dubai se prepara para acoger la 28\u00aa Conferencia de las Partes (COP 28) del 30 de noviembre al 12 de diciembre de 2023.","robots":{"index":"index","follow":"follow","max-snippet":"max-snippet:-1","max-image-preview":"max-image-preview:large","max-video-preview":"max-video-preview:-1"},"canonical":"https:\/\/well-tax.com\/es\/cop-28-dubai-acogera-la-28-conferencia-de-las-partes-en-un-momento-crucial-para-la-accion-por-el-clima\/","og_locale":"es_ES","og_type":"article","og_title":"COP 28: Dubai to Host the 28th Conference of the Parties in a Crucial Moment for Climate Action - WellTax","og_description":"Dubai prepares to host the 28th Conference of the Parties (COP 28) from the 30th of November to the 12th of December 2023.","og_url":"https:\/\/well-tax.com\/es\/cop-28-dubai-acogera-la-28-conferencia-de-las-partes-en-un-momento-crucial-para-la-accion-por-el-clima\/","og_site_name":"WellTax","article_publisher":"https:\/\/www.facebook.com\/welltaxlimited\/","article_published_time":"2023-10-31T08:07:54+00:00","article_modified_time":"2023-11-01T13:47:02+00:00","og_image":[{"width":800,"height":600,"url":"https:\/\/well-tax.com\/wp-content\/uploads\/2023\/10\/COP28_17d1591003d_original-ratio.jpg","type":"image\/jpeg"}],"author":"F Sgarbi","twitter_card":"summary_large_image","twitter_misc":{"Escrito por":"F Sgarbi","Tiempo de lectura":"2 minutos"},"schema":{"@context":"https:\/\/schema.org","@graph":[{"@type":"Article","@id":"https:\/\/well-tax.com\/cop-28-dubai-to-host-the-28th-conference-of-the-parties-in-a-crucial-moment-for-climate-action\/#article","isPartOf":{"@id":"https:\/\/well-tax.com\/cop-28-dubai-to-host-the-28th-conference-of-the-parties-in-a-crucial-moment-for-climate-action\/"},"author":{"name":"F Sgarbi","@id":"https:\/\/well-tax.com\/#\/schema\/person\/7e3b4db8eb2b5b290e41428e91036225"},"headline":"COP 28: Dubai to Host the 28th Conference of the Parties in a Crucial Moment for Climate Action","datePublished":"2023-10-31T08:07:54+00:00","dateModified":"2023-11-01T13:47:02+00:00","mainEntityOfPage":{"@id":"https:\/\/well-tax.com\/cop-28-dubai-to-host-the-28th-conference-of-the-parties-in-a-crucial-moment-for-climate-action\/"},"wordCount":433,"commentCount":0,"publisher":{"@id":"https:\/\/well-tax.com\/#organization"},"image":{"@id":"https:\/\/well-tax.com\/cop-28-dubai-to-host-the-28th-conference-of-the-parties-in-a-crucial-moment-for-climate-action\/#primaryimage"},"thumbnailUrl":"https:\/\/well-tax.com\/wp-content\/uploads\/2023\/10\/COP28_17d1591003d_original-ratio.jpg","articleSection":["International Trade and Relations"],"inLanguage":"es","potentialAction":[{"@type":"CommentAction","name":"Comment","target":["https:\/\/well-tax.com\/cop-28-dubai-to-host-the-28th-conference-of-the-parties-in-a-crucial-moment-for-climate-action\/#respond"]}]},{"@type":"WebPage","@id":"https:\/\/well-tax.com\/cop-28-dubai-to-host-the-28th-conference-of-the-parties-in-a-crucial-moment-for-climate-action\/","url":"https:\/\/well-tax.com\/cop-28-dubai-to-host-the-28th-conference-of-the-parties-in-a-crucial-moment-for-climate-action\/","name":"COP 28: Dubai acoger\u00e1 la 28\u00aa Conferencia de las Partes en un momento crucial para la acci\u00f3n clim\u00e1tica - WellTax","isPartOf":{"@id":"https:\/\/well-tax.com\/#website"},"primaryImageOfPage":{"@id":"https:\/\/well-tax.com\/cop-28-dubai-to-host-the-28th-conference-of-the-parties-in-a-crucial-moment-for-climate-action\/#primaryimage"},"image":{"@id":"https:\/\/well-tax.com\/cop-28-dubai-to-host-the-28th-conference-of-the-parties-in-a-crucial-moment-for-climate-action\/#primaryimage"},"thumbnailUrl":"https:\/\/well-tax.com\/wp-content\/uploads\/2023\/10\/COP28_17d1591003d_original-ratio.jpg","datePublished":"2023-10-31T08:07:54+00:00","dateModified":"2023-11-01T13:47:02+00:00","description":"Dubai se prepara para acoger la 28\u00aa Conferencia de las Partes (COP 28) del 30 de noviembre al 12 de diciembre de 2023.","breadcrumb":{"@id":"https:\/\/well-tax.com\/cop-28-dubai-to-host-the-28th-conference-of-the-parties-in-a-crucial-moment-for-climate-action\/#breadcrumb"},"inLanguage":"es","potentialAction":[{"@type":"ReadAction","target":["https:\/\/well-tax.com\/cop-28-dubai-to-host-the-28th-conference-of-the-parties-in-a-crucial-moment-for-climate-action\/"]}]},{"@type":"ImageObject","inLanguage":"es","@id":"https:\/\/well-tax.com\/cop-28-dubai-to-host-the-28th-conference-of-the-parties-in-a-crucial-moment-for-climate-action\/#primaryimage","url":"https:\/\/well-tax.com\/wp-content\/uploads\/2023\/10\/COP28_17d1591003d_original-ratio.jpg","contentUrl":"https:\/\/well-tax.com\/wp-content\/uploads\/2023\/10\/COP28_17d1591003d_original-ratio.jpg","width":800,"height":600},{"@type":"BreadcrumbList","@id":"https:\/\/well-tax.com\/cop-28-dubai-to-host-the-28th-conference-of-the-parties-in-a-crucial-moment-for-climate-action\/#breadcrumb","itemListElement":[{"@type":"ListItem","position":1,"name":"Home","item":"https:\/\/well-tax.com\/"},{"@type":"ListItem","position":2,"name":"International Trade and Relations","item":"https:\/\/well-tax.com\/category\/international-trade-and-relations\/"},{"@type":"ListItem","position":3,"name":"COP 28: Dubai to Host the 28th Conference of the Parties in a Crucial Moment for Climate Action"}]},{"@type":"WebSite","@id":"https:\/\/well-tax.com\/#website","url":"https:\/\/well-tax.com\/","name":"WellTax","description":"Contables y asesores fiscales en el Reino Unido y los EAU","publisher":{"@id":"https:\/\/well-tax.com\/#organization"},"potentialAction":[{"@type":"SearchAction","target":{"@type":"EntryPoint","urlTemplate":"https:\/\/well-tax.com\/?s={search_term_string}"},"query-input":{"@type":"PropertyValueSpecification","valueRequired":true,"valueName":"search_term_string"}}],"inLanguage":"es"},{"@type":"Organization","@id":"https:\/\/well-tax.com\/#organization","name":"WellTax","url":"https:\/\/well-tax.com\/","logo":{"@type":"ImageObject","inLanguage":"es","@id":"https:\/\/well-tax.com\/#\/schema\/logo\/image\/","url":"https:\/\/well-tax.com\/wp-content\/uploads\/2023\/06\/favicon.svg","contentUrl":"https:\/\/well-tax.com\/wp-content\/uploads\/2023\/06\/favicon.svg","width":40,"height":35,"caption":"WellTax"},"image":{"@id":"https:\/\/well-tax.com\/#\/schema\/logo\/image\/"},"sameAs":["https:\/\/www.facebook.com\/welltaxlimited\/"]},{"@type":"Person","@id":"https:\/\/well-tax.com\/#\/schema\/person\/7e3b4db8eb2b5b290e41428e91036225","name":"F Sgarbi","image":{"@type":"ImageObject","inLanguage":"es","@id":"https:\/\/secure.gravatar.com\/avatar\/f90eb2fcde6c299df16c728a88501380536325102263e33e605b371d77ca049e?s=96&d=mm&r=g","url":"https:\/\/secure.gravatar.com\/avatar\/f90eb2fcde6c299df16c728a88501380536325102263e33e605b371d77ca049e?s=96&d=mm&r=g","contentUrl":"https:\/\/secure.gravatar.com\/avatar\/f90eb2fcde6c299df16c728a88501380536325102263e33e605b371d77ca049e?s=96&d=mm&r=g","caption":"F Sgarbi"}}]}},"_links":{"self":[{"href":"https:\/\/well-tax.com\/es\/wp-json\/wp\/v2\/posts\/4761","targetHints":{"allow":["GET"]}}],"collection":[{"href":"https:\/\/well-tax.com\/es\/wp-json\/wp\/v2\/posts"}],"about":[{"href":"https:\/\/well-tax.com\/es\/wp-json\/wp\/v2\/types\/post"}],"author":[{"embeddable":true,"href":"https:\/\/well-tax.com\/es\/wp-json\/wp\/v2\/users\/5"}],"replies":[{"embeddable":true,"href":"https:\/\/well-tax.com\/es\/wp-json\/wp\/v2\/comments?post=4761"}],"version-history":[{"count":2,"href":"https:\/\/well-tax.com\/es\/wp-json\/wp\/v2\/posts\/4761\/revisions"}],"predecessor-version":[{"id":4774,"href":"https:\/\/well-tax.com\/es\/wp-json\/wp\/v2\/posts\/4761\/revisions\/4774"}],"wp:featuredmedia":[{"embeddable":true,"href":"https:\/\/well-tax.com\/es\/wp-json\/wp\/v2\/media\/4762"}],"wp:attachment":[{"href":"https:\/\/well-tax.com\/es\/wp-json\/wp\/v2\/media?parent=4761"}],"wp:term":[{"taxonomy":"category","embeddable":true,"href":"https:\/\/well-tax.com\/es\/wp-json\/wp\/v2\/categories?post=4761"},{"taxonomy":"post_tag","embeddable":true,"href":"https:\/\/well-tax.com\/es\/wp-json\/wp\/v2\/tags?post=4761"}],"curies":[{"name":"wp","href":"https:\/\/api.w.org\/{rel}","templated":true}]}}